{"id":3903,"global_id":"forfait.megeve.com\/ete?id=3903","global_id_lineage":["forfait.megeve.com\/ete?id=3903"],"author":"18","status":"publish","date":"2025-03-27 17:36:17","date_utc":"2025-03-27 16:36:17","modified":"2026-04-09 11:02:32","modified_utc":"2026-04-09 09:02:32","url":"https:\/\/forfait.megeve.com\/ete\/event\/mb-race\/","rest_url":"https:\/\/forfait.megeve.com\/ete\/wp-json\/tribe\/events\/v1\/events\/3903","title":"L&rsquo;\u00e9v\u00e9nement MB Race &#8211; La course VTT la plus difficile au monde","description":"<p style=\"text-align: center;\"><span style=\"color: #000000;\"><strong>Du 3 au 5 juillet 2026<\/strong><\/span><\/p>\n<p>&nbsp;<\/p>\n<p><span style=\"color: #000000;\">La <a style=\"color: #000000;\" href=\"https:\/\/mb-race.com\/\">MB Race<\/a> est n\u00e9e en 2010 sur les sentiers de Meg\u00e8ve et Combloux ! Cet \u00e9v\u00e9nement VTT r\u00e9put\u00e9 pour ses courses et parcours aussi exigeants qu\u2019\u00e9poustouflants a pour th\u00e9\u00e2tre de jeu le territoire du Mont-Blanc et du Val d\u2019Arly.<\/span><\/p>\n<p><span style=\"color: #000000;\">La MB Race se d\u00e9marque dans le panorama du VTT car elle est la seule \u00e0 inscrire \u00e0 son programme une \u00e9preuve d\u2019une journ\u00e9e avec une distance de 140 km et 7 000 m de D+ ! La MB Ultra Somfy, course phare de l\u2019\u00e9v\u00e9nement, n\u2019avait d\u2019ailleurs compt\u00e9 qu\u2019un seul et unique Finisher en 2010. Aujourd\u2019hui elle est connue comme la course VTT la plus difficile au monde !<\/span><\/p>\n<p><span style=\"color: #000000;\">Mais la MB Race, c\u2019est aussi une grande f\u00eate du VTT avec pas moins de 9 \u00e9preuves au programme\u2026 Pour tous les \u00e2ges et tous les niveaux !<\/span><\/p>\n<p>&nbsp;<\/p>\n<p><em style=\"color: #000000;\">Cr\u00e9dit photo : MB Race<\/em><\/p>","excerpt":"","slug":"mb-race","image":{"url":"https:\/\/forfait.megeve.com\/ete\/wp-content\/uploads\/sites\/6\/2025\/03\/Visuel-agenda-event-MB-Race.png","id":5123,"extension":"png","width":1748,"height":720,"filesize":705280,"sizes":{"medium":{"width":300,"height":124,"mime-type":"image\/png","filesize":83341,"url":"https:\/\/forfait.megeve.com\/ete\/wp-content\/uploads\/sites\/6\/2025\/03\/Visuel-agenda-event-MB-Race-300x124.png"},"large":{"width":1024,"height":422,"mime-type":"image\/png","filesize":851475,"url":"https:\/\/forfait.megeve.com\/ete\/wp-content\/uploads\/sites\/6\/2025\/03\/Visuel-agenda-event-MB-Race-1024x422.png"},"thumbnail":{"width":150,"height":150,"mime-type":"image\/png","filesize":50387,"url":"https:\/\/forfait.megeve.com\/ete\/wp-content\/uploads\/sites\/6\/2025\/03\/Visuel-agenda-event-MB-Race-150x150.png"},"medium_large":{"width":768,"height":316,"mime-type":"image\/png","filesize":495969,"url":"https:\/\/forfait.megeve.com\/ete\/wp-content\/uploads\/sites\/6\/2025\/03\/Visuel-agenda-event-MB-Race-768x316.png"},"1536x1536":{"width":1536,"height":633,"mime-type":"image\/png","filesize":1791677,"url":"https:\/\/forfait.megeve.com\/ete\/wp-content\/uploads\/sites\/6\/2025\/03\/Visuel-agenda-event-MB-Race-1536x633.png"}}},"all_day":true,"start_date":"2026-07-03 00:00:00","start_date_details":{"year":"2026","month":"07","day":"03","hour":"00","minutes":"00","seconds":"00"},"end_date":"2026-07-05 23:59:59","end_date_details":{"year":"2026","month":"07","day":"05","hour":"23","minutes":"59","seconds":"59"},"utc_start_date":"2026-07-02 22:00:00","utc_start_date_details":{"year":"2026","month":"07","day":"02","hour":"22","minutes":"00","seconds":"00"},"utc_end_date":"2026-07-05 21:59:59","utc_end_date_details":{"year":"2026","month":"07","day":"05","hour":"21","minutes":"59","seconds":"59"},"timezone":"Europe\/Paris","timezone_abbr":"CEST","cost":"","cost_details":{"currency_symbol":"$","currency_code":"USD","currency_position":"prefix","values":[]},"website":"https:\/\/mb-race.com\/","show_map":false,"show_map_link":false,"hide_from_listings":false,"sticky":false,"featured":false,"categories":[{"name":"V\u00e9lo","slug":"velo","term_group":0,"term_taxonomy_id":66,"taxonomy":"tribe_events_cat","description":"","parent":0,"count":4,"filter":"raw","id":66,"urls":{"self":"https:\/\/forfait.megeve.com\/ete\/wp-json\/tribe\/events\/v1\/categories\/66","collection":"https:\/\/forfait.megeve.com\/ete\/wp-json\/tribe\/events\/v1\/categories"}}],"tags":[],"venue":[],"organizer":[],"custom_fields":[],"json_ld":{"@context":"http:\/\/schema.org","@type":"Event","name":"L&rsquo;\u00e9v\u00e9nement MB Race &#8211; La course VTT la plus difficile au monde","description":"&lt;p&gt;Du 3 au 5 juillet 2026 &nbsp; La MB Race est n\u00e9e en 2010 sur les sentiers de Meg\u00e8ve et Combloux ! Cet \u00e9v\u00e9nement VTT r\u00e9put\u00e9 pour ses courses et [&hellip;]&lt;\/p&gt;\\n","image":"https:\/\/forfait.megeve.com\/ete\/wp-content\/uploads\/sites\/6\/2025\/03\/Visuel-agenda-event-MB-Race.png","url":"https:\/\/forfait.megeve.com\/ete\/event\/mb-race\/","eventAttendanceMode":"https:\/\/schema.org\/OfflineEventAttendanceMode","eventStatus":"https:\/\/schema.org\/EventScheduled","startDate":"2026-07-03T00:00:00+02:00","endDate":"2026-07-05T23:59:59+02:00","performer":"Organization"}}